{"id":10055,"date":"2026-01-28T12:32:37","date_gmt":"2026-01-28T11:32:37","guid":{"rendered":"https:\/\/idsk.uni-halle.de\/uncategorized\/naechster-intensivkurs-deutsch-c1-testdaf\/"},"modified":"2026-03-17T11:56:35","modified_gmt":"2026-03-17T10:56:35","slug":"naechster-intensivkurs-deutsch-c1-testdaf","status":"publish","type":"post","link":"https:\/\/idsk.uni-halle.de\/en\/news-en\/deutsch-fuer-dein-studium-en\/naechster-intensivkurs-deutsch-c1-testdaf\/","title":{"rendered":"n\u00e4chster Deutschkurs Intensiv C1 in Halle (Saale)"},"content":{"rendered":"<p>[et_pb_section fb_built=&#8221;1&#8243; custom_padding_last_edited=&#8221;on|tablet&#8221; admin_label=&#8221;1&#8243; _builder_version=&#8221;4.16&#8243; background_color=&#8221;#f7f7f7&#8243; background_image=&#8221;https:\/\/idsk.uni-halle.de\/wp-content\/uploads\/2020\/09\/test3.png&#8221; background_size=&#8221;contain&#8221; background_position=&#8221;top_left&#8221; width=&#8221;100%&#8221; width_tablet=&#8221;100%&#8221; width_phone=&#8221;100%&#8221; width_last_edited=&#8221;on|desktop&#8221; custom_margin=&#8221;0px||0px||false|false&#8221; custom_padding=&#8221;12vw||0px||false|false&#8221; custom_padding_tablet=&#8221;28vw||||false|false&#8221; custom_padding_phone=&#8221;40vw||||false|false&#8221; background_last_edited=&#8221;on|desktop&#8221; background_enable_image_tablet=&#8221;off&#8221; background_enable_image_phone=&#8221;off&#8221; locked=&#8221;off&#8221; collapsed=&#8221;off&#8221; global_colors_info=&#8221;{}&#8221; title_text_phone=&#8221;test3&#8243;][\/et_pb_section][et_pb_section fb_built=&#8221;1&#8243; _builder_version=&#8221;4.16&#8243; _module_preset=&#8221;default&#8221; background_color=&#8221;#f9f9f9&#8243; background_image=&#8221;https:\/\/idsk.uni-halle.de\/wp-content\/uploads\/2020\/09\/bg-ring-kursvorschau-2-1.png&#8221; background_size=&#8221;contain&#8221; background_position=&#8221;top_right&#8221; custom_padding=&#8221;0px||||false|false&#8221; global_colors_info=&#8221;{}&#8221;][et_pb_row _builder_version=&#8221;4.16&#8243; _module_preset=&#8221;default&#8221; max_width=&#8221;960px&#8221; global_colors_info=&#8221;{}&#8221;][et_pb_column type=&#8221;4_4&#8243; _builder_version=&#8221;4.16&#8243; _module_preset=&#8221;default&#8221; global_colors_info=&#8221;{}&#8221;][et_pb_text _builder_version=&#8221;4.16&#8243; _dynamic_attributes=&#8221;content&#8221; text_font=&#8221;|600|||||||&#8221; text_text_color=&#8221;#000000&#8243; text_font_size=&#8221;37px&#8221; text_line_height=&#8221;1.2em&#8221; header_font=&#8221;||||||||&#8221; header_font_size=&#8221;47px&#8221; header_2_font=&#8221;||||||||&#8221; header_2_font_size=&#8221;72px&#8221; custom_padding_tablet=&#8221;0vw||||false|false&#8221; custom_padding_phone=&#8221;0vw||||false|false&#8221; custom_padding_last_edited=&#8221;on|phone&#8221; header_font_size_tablet=&#8221;42px&#8221; header_font_size_phone=&#8221;38px&#8221; header_font_size_last_edited=&#8221;on|desktop&#8221; header_2_font_size_tablet=&#8221;48px&#8221; header_2_font_size_phone=&#8221;32px&#8221; header_2_font_size_last_edited=&#8221;on|phone&#8221; global_colors_info=&#8221;{}&#8221; content__hover_enabled=&#8221;off|desktop&#8221;]@ET-DC@eyJkeW5hbWljIjp0cnVlLCJjb250ZW50IjoicG9zdF90aXRsZSIsInNldHRpbmdzIjp7ImJlZm9yZSI6IiIsImFmdGVyIjoiIn19@[\/et_pb_text][et_pb_text _builder_version=&#8221;4.27.5&#8243; text_font_size=&#8221;16px&#8221; text_line_height=&#8221;2em&#8221; header_font=&#8221;||||||||&#8221; header_text_color=&#8221;#3baa35&#8243; header_font_size=&#8221;47px&#8221; header_2_font=&#8221;||||||||&#8221; header_2_font_size=&#8221;22px&#8221; header_2_line_height=&#8221;1.3em&#8221; header_4_font_size=&#8221;19px&#8221; header_4_line_height=&#8221;1.8em&#8221; max_width=&#8221;75%&#8221; max_width_tablet=&#8221;100%&#8221; max_width_phone=&#8221;100%&#8221; max_width_last_edited=&#8221;on|phone&#8221; hover_enabled=&#8221;0&#8243; header_font_size_tablet=&#8221;42px&#8221; header_font_size_phone=&#8221;38px&#8221; header_font_size_last_edited=&#8221;on|phone&#8221; header_2_font_size_tablet=&#8221;18px&#8221; header_2_font_size_phone=&#8221;16px&#8221; header_2_font_size_last_edited=&#8221;on|phone&#8221; locked=&#8221;off&#8221; global_colors_info=&#8221;{}&#8221; sticky_enabled=&#8221;0&#8243;]<\/p>\n<h2><strong style=\"font-size: 16px;\">Am 11.05.2026 startet der n\u00e4chste Deutschkurs Intensiv C1. \u00a0<\/strong><\/h2>\n<p>[\/et_pb_text][et_pb_image src=&#8221;@ET-DC@eyJkeW5hbWljIjp0cnVlLCJjb250ZW50IjoicG9zdF9mZWF0dXJlZF9pbWFnZSIsInNldHRpbmdzIjp7fX0=@&#8221; _builder_version=&#8221;4.16&#8243; _dynamic_attributes=&#8221;src&#8221; _module_preset=&#8221;default&#8221; max_width=&#8221;75%&#8221; max_width_tablet=&#8221;100%&#8221; max_width_phone=&#8221;&#8221; max_width_last_edited=&#8221;on|desktop&#8221; border_radii=&#8221;on|8px|8px|8px|8px&#8221; box_shadow_style=&#8221;preset2&#8243; box_shadow_blur=&#8221;23px&#8221; box_shadow_spread=&#8221;-6px&#8221; global_colors_info=&#8221;{}&#8221;][\/et_pb_image][et_pb_text _builder_version=&#8221;4.27.5&#8243; _module_preset=&#8221;default&#8221; text_font_size=&#8221;16px&#8221; text_line_height=&#8221;2em&#8221; header_font=&#8221;||||||||&#8221; header_text_color=&#8221;#3baa35&#8243; header_font_size=&#8221;47px&#8221; header_2_font=&#8221;||||||||&#8221; header_2_font_size=&#8221;22px&#8221; header_2_line_height=&#8221;1.3em&#8221; header_3_line_height=&#8221;1.3em&#8221; header_4_font_size=&#8221;19px&#8221; header_4_line_height=&#8221;1.8em&#8221; max_width=&#8221;75%&#8221; max_width_tablet=&#8221;100%&#8221; max_width_phone=&#8221;100%&#8221; max_width_last_edited=&#8221;on|phone&#8221; hover_enabled=&#8221;0&#8243; header_font_size_tablet=&#8221;42px&#8221; header_font_size_phone=&#8221;38px&#8221; header_font_size_last_edited=&#8221;on|phone&#8221; header_2_font_size_tablet=&#8221;18px&#8221; header_2_font_size_phone=&#8221;16px&#8221; header_2_font_size_last_edited=&#8221;on|phone&#8221; global_colors_info=&#8221;{}&#8221; sticky_enabled=&#8221;0&#8243;]<\/p>\n<h3>Du hast das Niveau Deutsch B2 erfolgreich absolviert und m\u00f6chtest schnell und effektiv weiterlernen?<\/h3>\n<p><strong> Dann melde dich zum n\u00e4chsten n\u00e4chster Intensivkurs Deutsch C1 an!<\/strong><\/p>\n<p><strong>Kurs: \u00a0 \u00a0 \u00a0 \u00a0 \u00a0 \u00a0 \u00a0 \u00a0 \u00a0 Deutschkurs Intensiv C1<br \/>Kursdaten: \u00a0 \u00a0 \u00a0 \u00a011.05. &#8211; 10.07.2026<\/strong><br \/><strong>freie Pl\u00e4tze: \u00a0 \u00a0 \u00a010<br \/>K<\/strong><strong>ursform: \u00a0 \u00a0 \u00a0 \u00a0 Pr\u00e4senz<br \/>Pr\u00fcfung: \u00a0 \u00a0 \u00a0 \u00a0 \u00a0 \u00a0 TestDaF<\/strong><\/p>\n<h2><\/h2>\n<h3>Darum ist der n\u00e4chster <a href=\"https:\/\/idsk.uni-halle.de\/en\/german-for-studying-in-germany\/\" target=\"_blank\" rel=\"noopener\">Intensivkurs Deutsch C1 <\/a>der richtige Kurs f\u00fcr dich:<\/h3>\n<p><strong>In 9 Wochen absolvierst du ein Sprachniveau, legst eine Pr\u00fcfung ab und kannst nach erfolgreicher Pr\u00fcfung ohne Wartezeit den n\u00e4chsten Kurs beginnen.<\/strong><\/p>\n<ul>\n<li>Wir trainieren alle vier Fertigkeiten &#8211; Lesen, H\u00f6ren, Schreiben, Sprechen &#8211; auf komplexem Studienniveau.<\/li>\n<li>Zus\u00e4tzlich zum Lehrbuch verwenden wir aktuelle landeskundliche und gesellschaftspolitische Themen, mit denen du nicht nur deinen Wortschatz, sondern auch dein Wissen \u00fcber Deutschland erweiterst.<\/li>\n<li>Der w\u00f6chentliche professionelle Phonetikunterricht hilft dir, individuell deine Aussprache zu verbessern.<\/li>\n<li>Die erlernten Diskussionsstrategien und Pr\u00e4sentationstechniken wendest du im interkulturellen Austausch in Kleingruppen an.<\/li>\n<li>Das Pr\u00fcfungstraining w\u00e4hrend des Kurses vermittelt dir wichtige Lernstrategien, um die TestDaF-Pr\u00fcfung erfolgreich ablegen zu k\u00f6nnen.<\/li>\n<\/ul>\n<h3>So meldest du dich an:<\/h3>\n<p>Unter <a href=\"https:\/\/idsk.uni-halle.de\/en\/dates-and-inquiries\/\">Termine &amp; Anfrage<\/a> kannst du f\u00fcr einen Kurs registrieren.<\/p>\n<p>[\/et_pb_text][et_pb_text _builder_version=&#8221;4.17.4&#8243; _module_preset=&#8221;default&#8221; text_font_size=&#8221;16px&#8221; text_line_height=&#8221;2em&#8221; header_font=&#8221;||||||||&#8221; header_text_color=&#8221;#3baa35&#8243; header_font_size=&#8221;47px&#8221; header_2_font=&#8221;||||||||&#8221; header_2_font_size=&#8221;22px&#8221; header_2_line_height=&#8221;1.3em&#8221; header_3_line_height=&#8221;1.3em&#8221; header_4_font_size=&#8221;19px&#8221; header_4_line_height=&#8221;1.8em&#8221; max_width=&#8221;75%&#8221; max_width_tablet=&#8221;100%&#8221; max_width_phone=&#8221;100%&#8221; max_width_last_edited=&#8221;on|phone&#8221; header_font_size_tablet=&#8221;42px&#8221; header_font_size_phone=&#8221;38px&#8221; header_font_size_last_edited=&#8221;on|phone&#8221; header_2_font_size_tablet=&#8221;18px&#8221; header_2_font_size_phone=&#8221;16px&#8221; header_2_font_size_last_edited=&#8221;on|phone&#8221; global_colors_info=&#8221;{}&#8221;]<\/p>\n<ul>\n<li>Teilnahme ab 17 Jahren<\/li>\n<li>Zertifikat B2 mind. 70% in jedem Teilbereich<\/li>\n<li>Zertifikat nicht \u00e4lter als 12 Monate<\/li>\n<\/ul>\n<p>[\/et_pb_text][\/et_pb_column][\/et_pb_row][\/et_pb_section]<\/p>\n","protected":false},"excerpt":{"rendered":"<p>Am 11.05.2026 startet der n\u00e4chste Deutschkurs Intensiv C1. \u00a0Du hast das Niveau Deutsch B2 erfolgreich absolviert und m\u00f6chtest schnell und effektiv weiterlernen? Dann melde dich zum n\u00e4chsten n\u00e4chster Intensivkurs Deutsch C1 an! Kurs: \u00a0 \u00a0 \u00a0 \u00a0 \u00a0 \u00a0 \u00a0 \u00a0 \u00a0 Deutschkurs Intensiv C1Kursdaten: \u00a0 \u00a0 \u00a0 \u00a011.05. &#8211; 10.07.2026freie Pl\u00e4tze: \u00a0 \u00a0 \u00a010Kursform: [&hellip;]<\/p>\n","protected":false},"author":3,"featured_media":21413,"comment_status":"closed","ping_status":"closed","sticky":true,"template":"","format":"standard","meta":{"_et_pb_use_builder":"on","_et_pb_old_content":"","_et_gb_content_width":"2880","footnotes":""},"categories":[34,81,73],"tags":[96,97,154,98,155,99,100],"class_list":["post-10055","post","type-post","status-publish","format-standard","has-post-thumbnail","hentry","category-deutsch-fuer-dein-studium-en","category-idsk-halle-news-en","category-news-en","tag-deutsch-c1-en","tag-deutsch-fuers-studium-en","tag-deutsch-in-halle-en","tag-intensiv-c1-en","tag-sprachschule-halle-en","tag-studium-in-deutschland-en","tag-testdaf-vorbereitung-en"],"yoast_head":"<!-- This site is optimized with the Yoast SEO plugin v27.2 - https:\/\/yoast.com\/product\/yoast-seo-wordpress\/ -->\n<title>n\u00e4chster Deutschkurs Intensiv C1 in Halle (Saale) - IDSK<\/title>\n<meta name=\"description\" content=\"Du hast das Niveau Deutsch B2 erfolgreich absolviert und m\u00f6chtest weiterlernen? Dann melde dich zum n\u00e4chsten Intensivkurs Deutsch C1+ TestDaF.\" \/>\n<meta name=\"robots\" content=\"index, follow, max-snippet:-1, max-image-preview:large, max-video-preview:-1\" \/>\n<link rel=\"canonical\" href=\"https:\/\/idsk.uni-halle.de\/en\/news-en\/deutsch-fuer-dein-studium-en\/naechster-intensivkurs-deutsch-c1-testdaf\/\" \/>\n<meta property=\"og:locale\" content=\"en_US\" \/>\n<meta property=\"og:type\" content=\"article\" \/>\n<meta property=\"og:title\" content=\"n\u00e4chster Deutschkurs Intensiv C1 in Halle (Saale) - IDSK\" \/>\n<meta property=\"og:description\" content=\"Du hast das Niveau Deutsch B2 erfolgreich absolviert und m\u00f6chtest weiterlernen? Dann melde dich zum n\u00e4chsten Intensivkurs Deutsch C1+ TestDaF.\" \/>\n<meta property=\"og:url\" content=\"https:\/\/idsk.uni-halle.de\/en\/news-en\/deutsch-fuer-dein-studium-en\/naechster-intensivkurs-deutsch-c1-testdaf\/\" \/>\n<meta property=\"og:site_name\" content=\"IDSK\" \/>\n<meta property=\"article:published_time\" content=\"2026-01-28T11:32:37+00:00\" \/>\n<meta property=\"article:modified_time\" content=\"2026-03-17T10:56:35+00:00\" \/>\n<meta property=\"og:image\" content=\"https:\/\/idsk.uni-halle.de\/wp-content\/uploads\/2023\/08\/IMG_4673.jpeg\" \/>\n\t<meta property=\"og:image:width\" content=\"1280\" \/>\n\t<meta property=\"og:image:height\" content=\"1707\" \/>\n\t<meta property=\"og:image:type\" content=\"image\/jpeg\" \/>\n<meta name=\"author\" content=\"Stefanie Rieger\" \/>\n<meta name=\"twitter:card\" content=\"summary_large_image\" \/>\n<script type=\"application\/ld+json\" class=\"yoast-schema-graph\">{\"@context\":\"https:\/\/schema.org\",\"@graph\":[{\"@type\":\"Article\",\"@id\":\"https:\/\/idsk.uni-halle.de\/en\/news-en\/deutsch-fuer-dein-studium-en\/naechster-intensivkurs-deutsch-c1-testdaf\/#article\",\"isPartOf\":{\"@id\":\"https:\/\/idsk.uni-halle.de\/en\/news-en\/deutsch-fuer-dein-studium-en\/naechster-intensivkurs-deutsch-c1-testdaf\/\"},\"author\":{\"name\":\"Stefanie Rieger\",\"@id\":\"https:\/\/idsk.uni-halle.de\/en\/#\/schema\/person\/bf7c30af98df779f95b1e7621fc1459c\"},\"headline\":\"n\u00e4chster Deutschkurs Intensiv C1 in Halle (Saale)\",\"datePublished\":\"2026-01-28T11:32:37+00:00\",\"dateModified\":\"2026-03-17T10:56:35+00:00\",\"mainEntityOfPage\":{\"@id\":\"https:\/\/idsk.uni-halle.de\/en\/news-en\/deutsch-fuer-dein-studium-en\/naechster-intensivkurs-deutsch-c1-testdaf\/\"},\"wordCount\":867,\"image\":{\"@id\":\"https:\/\/idsk.uni-halle.de\/en\/news-en\/deutsch-fuer-dein-studium-en\/naechster-intensivkurs-deutsch-c1-testdaf\/#primaryimage\"},\"thumbnailUrl\":\"https:\/\/idsk.uni-halle.de\/wp-content\/uploads\/2026\/04\/IMG_7975.jpeg\",\"keywords\":[\"Deutsch C1\",\"Deutsch f\u00fcrs Studium\",\"Deutsch in Halle\",\"Intensiv C1\",\"Sprachschule Halle\",\"Studium in Deutschland\",\"Testdaf Vorbereitung\"],\"articleSection\":[\"Deutsch f\u00fcr dein Studium en\",\"IDSK Halle\",\"News rund um das IDSK\"],\"inLanguage\":\"en-US\"},{\"@type\":\"WebPage\",\"@id\":\"https:\/\/idsk.uni-halle.de\/en\/news-en\/deutsch-fuer-dein-studium-en\/naechster-intensivkurs-deutsch-c1-testdaf\/\",\"url\":\"https:\/\/idsk.uni-halle.de\/en\/news-en\/deutsch-fuer-dein-studium-en\/naechster-intensivkurs-deutsch-c1-testdaf\/\",\"name\":\"n\u00e4chster Deutschkurs Intensiv C1 in Halle (Saale) - IDSK\",\"isPartOf\":{\"@id\":\"https:\/\/idsk.uni-halle.de\/en\/#website\"},\"primaryImageOfPage\":{\"@id\":\"https:\/\/idsk.uni-halle.de\/en\/news-en\/deutsch-fuer-dein-studium-en\/naechster-intensivkurs-deutsch-c1-testdaf\/#primaryimage\"},\"image\":{\"@id\":\"https:\/\/idsk.uni-halle.de\/en\/news-en\/deutsch-fuer-dein-studium-en\/naechster-intensivkurs-deutsch-c1-testdaf\/#primaryimage\"},\"thumbnailUrl\":\"https:\/\/idsk.uni-halle.de\/wp-content\/uploads\/2026\/04\/IMG_7975.jpeg\",\"datePublished\":\"2026-01-28T11:32:37+00:00\",\"dateModified\":\"2026-03-17T10:56:35+00:00\",\"author\":{\"@id\":\"https:\/\/idsk.uni-halle.de\/en\/#\/schema\/person\/bf7c30af98df779f95b1e7621fc1459c\"},\"description\":\"Du hast das Niveau Deutsch B2 erfolgreich absolviert und m\u00f6chtest weiterlernen? Dann melde dich zum n\u00e4chsten Intensivkurs Deutsch C1+ TestDaF.\",\"breadcrumb\":{\"@id\":\"https:\/\/idsk.uni-halle.de\/en\/news-en\/deutsch-fuer-dein-studium-en\/naechster-intensivkurs-deutsch-c1-testdaf\/#breadcrumb\"},\"inLanguage\":\"en-US\",\"potentialAction\":[{\"@type\":\"ReadAction\",\"target\":[\"https:\/\/idsk.uni-halle.de\/en\/news-en\/deutsch-fuer-dein-studium-en\/naechster-intensivkurs-deutsch-c1-testdaf\/\"]}]},{\"@type\":\"ImageObject\",\"inLanguage\":\"en-US\",\"@id\":\"https:\/\/idsk.uni-halle.de\/en\/news-en\/deutsch-fuer-dein-studium-en\/naechster-intensivkurs-deutsch-c1-testdaf\/#primaryimage\",\"url\":\"https:\/\/idsk.uni-halle.de\/wp-content\/uploads\/2026\/04\/IMG_7975.jpeg\",\"contentUrl\":\"https:\/\/idsk.uni-halle.de\/wp-content\/uploads\/2026\/04\/IMG_7975.jpeg\",\"width\":1280,\"height\":960,\"caption\":\"Kursgeb\u00fchr: 710,00 \u20ac (81 UE \u00e1 45 Min.), 3x 3UE pro Woche, Lehrbuch inklusive, Teilnahmebescheinigung\"},{\"@type\":\"BreadcrumbList\",\"@id\":\"https:\/\/idsk.uni-halle.de\/en\/news-en\/deutsch-fuer-dein-studium-en\/naechster-intensivkurs-deutsch-c1-testdaf\/#breadcrumb\",\"itemListElement\":[{\"@type\":\"ListItem\",\"position\":1,\"name\":\"Startseite\",\"item\":\"https:\/\/idsk.uni-halle.de\/en\/\"},{\"@type\":\"ListItem\",\"position\":2,\"name\":\"n\u00e4chster Deutschkurs Intensiv C1 in Halle (Saale)\"}]},{\"@type\":\"WebSite\",\"@id\":\"https:\/\/idsk.uni-halle.de\/en\/#website\",\"url\":\"https:\/\/idsk.uni-halle.de\/en\/\",\"name\":\"IDSK\",\"description\":\"Institut f\u00fcr deutsche Sprache und Kultur e. V.\",\"potentialAction\":[{\"@type\":\"SearchAction\",\"target\":{\"@type\":\"EntryPoint\",\"urlTemplate\":\"https:\/\/idsk.uni-halle.de\/en\/?s={search_term_string}\"},\"query-input\":{\"@type\":\"PropertyValueSpecification\",\"valueRequired\":true,\"valueName\":\"search_term_string\"}}],\"inLanguage\":\"en-US\"},{\"@type\":\"Person\",\"@id\":\"https:\/\/idsk.uni-halle.de\/en\/#\/schema\/person\/bf7c30af98df779f95b1e7621fc1459c\",\"name\":\"Stefanie Rieger\"}]}<\/script>\n<!-- \/ Yoast SEO plugin. -->","yoast_head_json":{"title":"n\u00e4chster Deutschkurs Intensiv C1 in Halle (Saale) - IDSK","description":"Du hast das Niveau Deutsch B2 erfolgreich absolviert und m\u00f6chtest weiterlernen? Dann melde dich zum n\u00e4chsten Intensivkurs Deutsch C1+ TestDaF.","robots":{"index":"index","follow":"follow","max-snippet":"max-snippet:-1","max-image-preview":"max-image-preview:large","max-video-preview":"max-video-preview:-1"},"canonical":"https:\/\/idsk.uni-halle.de\/en\/news-en\/deutsch-fuer-dein-studium-en\/naechster-intensivkurs-deutsch-c1-testdaf\/","og_locale":"en_US","og_type":"article","og_title":"n\u00e4chster Deutschkurs Intensiv C1 in Halle (Saale) - IDSK","og_description":"Du hast das Niveau Deutsch B2 erfolgreich absolviert und m\u00f6chtest weiterlernen? Dann melde dich zum n\u00e4chsten Intensivkurs Deutsch C1+ TestDaF.","og_url":"https:\/\/idsk.uni-halle.de\/en\/news-en\/deutsch-fuer-dein-studium-en\/naechster-intensivkurs-deutsch-c1-testdaf\/","og_site_name":"IDSK","article_published_time":"2026-01-28T11:32:37+00:00","article_modified_time":"2026-03-17T10:56:35+00:00","og_image":[{"width":1280,"height":1707,"url":"https:\/\/idsk.uni-halle.de\/wp-content\/uploads\/2023\/08\/IMG_4673.jpeg","type":"image\/jpeg"}],"author":"Stefanie Rieger","twitter_card":"summary_large_image","schema":{"@context":"https:\/\/schema.org","@graph":[{"@type":"Article","@id":"https:\/\/idsk.uni-halle.de\/en\/news-en\/deutsch-fuer-dein-studium-en\/naechster-intensivkurs-deutsch-c1-testdaf\/#article","isPartOf":{"@id":"https:\/\/idsk.uni-halle.de\/en\/news-en\/deutsch-fuer-dein-studium-en\/naechster-intensivkurs-deutsch-c1-testdaf\/"},"author":{"name":"Stefanie Rieger","@id":"https:\/\/idsk.uni-halle.de\/en\/#\/schema\/person\/bf7c30af98df779f95b1e7621fc1459c"},"headline":"n\u00e4chster Deutschkurs Intensiv C1 in Halle (Saale)","datePublished":"2026-01-28T11:32:37+00:00","dateModified":"2026-03-17T10:56:35+00:00","mainEntityOfPage":{"@id":"https:\/\/idsk.uni-halle.de\/en\/news-en\/deutsch-fuer-dein-studium-en\/naechster-intensivkurs-deutsch-c1-testdaf\/"},"wordCount":867,"image":{"@id":"https:\/\/idsk.uni-halle.de\/en\/news-en\/deutsch-fuer-dein-studium-en\/naechster-intensivkurs-deutsch-c1-testdaf\/#primaryimage"},"thumbnailUrl":"https:\/\/idsk.uni-halle.de\/wp-content\/uploads\/2026\/04\/IMG_7975.jpeg","keywords":["Deutsch C1","Deutsch f\u00fcrs Studium","Deutsch in Halle","Intensiv C1","Sprachschule Halle","Studium in Deutschland","Testdaf Vorbereitung"],"articleSection":["Deutsch f\u00fcr dein Studium en","IDSK Halle","News rund um das IDSK"],"inLanguage":"en-US"},{"@type":"WebPage","@id":"https:\/\/idsk.uni-halle.de\/en\/news-en\/deutsch-fuer-dein-studium-en\/naechster-intensivkurs-deutsch-c1-testdaf\/","url":"https:\/\/idsk.uni-halle.de\/en\/news-en\/deutsch-fuer-dein-studium-en\/naechster-intensivkurs-deutsch-c1-testdaf\/","name":"n\u00e4chster Deutschkurs Intensiv C1 in Halle (Saale) - IDSK","isPartOf":{"@id":"https:\/\/idsk.uni-halle.de\/en\/#website"},"primaryImageOfPage":{"@id":"https:\/\/idsk.uni-halle.de\/en\/news-en\/deutsch-fuer-dein-studium-en\/naechster-intensivkurs-deutsch-c1-testdaf\/#primaryimage"},"image":{"@id":"https:\/\/idsk.uni-halle.de\/en\/news-en\/deutsch-fuer-dein-studium-en\/naechster-intensivkurs-deutsch-c1-testdaf\/#primaryimage"},"thumbnailUrl":"https:\/\/idsk.uni-halle.de\/wp-content\/uploads\/2026\/04\/IMG_7975.jpeg","datePublished":"2026-01-28T11:32:37+00:00","dateModified":"2026-03-17T10:56:35+00:00","author":{"@id":"https:\/\/idsk.uni-halle.de\/en\/#\/schema\/person\/bf7c30af98df779f95b1e7621fc1459c"},"description":"Du hast das Niveau Deutsch B2 erfolgreich absolviert und m\u00f6chtest weiterlernen? Dann melde dich zum n\u00e4chsten Intensivkurs Deutsch C1+ TestDaF.","breadcrumb":{"@id":"https:\/\/idsk.uni-halle.de\/en\/news-en\/deutsch-fuer-dein-studium-en\/naechster-intensivkurs-deutsch-c1-testdaf\/#breadcrumb"},"inLanguage":"en-US","potentialAction":[{"@type":"ReadAction","target":["https:\/\/idsk.uni-halle.de\/en\/news-en\/deutsch-fuer-dein-studium-en\/naechster-intensivkurs-deutsch-c1-testdaf\/"]}]},{"@type":"ImageObject","inLanguage":"en-US","@id":"https:\/\/idsk.uni-halle.de\/en\/news-en\/deutsch-fuer-dein-studium-en\/naechster-intensivkurs-deutsch-c1-testdaf\/#primaryimage","url":"https:\/\/idsk.uni-halle.de\/wp-content\/uploads\/2026\/04\/IMG_7975.jpeg","contentUrl":"https:\/\/idsk.uni-halle.de\/wp-content\/uploads\/2026\/04\/IMG_7975.jpeg","width":1280,"height":960,"caption":"Kursgeb\u00fchr: 710,00 \u20ac (81 UE \u00e1 45 Min.), 3x 3UE pro Woche, Lehrbuch inklusive, Teilnahmebescheinigung"},{"@type":"BreadcrumbList","@id":"https:\/\/idsk.uni-halle.de\/en\/news-en\/deutsch-fuer-dein-studium-en\/naechster-intensivkurs-deutsch-c1-testdaf\/#breadcrumb","itemListElement":[{"@type":"ListItem","position":1,"name":"Startseite","item":"https:\/\/idsk.uni-halle.de\/en\/"},{"@type":"ListItem","position":2,"name":"n\u00e4chster Deutschkurs Intensiv C1 in Halle (Saale)"}]},{"@type":"WebSite","@id":"https:\/\/idsk.uni-halle.de\/en\/#website","url":"https:\/\/idsk.uni-halle.de\/en\/","name":"IDSK","description":"Institut f\u00fcr deutsche Sprache und Kultur e. V.","potentialAction":[{"@type":"SearchAction","target":{"@type":"EntryPoint","urlTemplate":"https:\/\/idsk.uni-halle.de\/en\/?s={search_term_string}"},"query-input":{"@type":"PropertyValueSpecification","valueRequired":true,"valueName":"search_term_string"}}],"inLanguage":"en-US"},{"@type":"Person","@id":"https:\/\/idsk.uni-halle.de\/en\/#\/schema\/person\/bf7c30af98df779f95b1e7621fc1459c","name":"Stefanie Rieger"}]}},"_links":{"self":[{"href":"https:\/\/idsk.uni-halle.de\/en\/wp-json\/wp\/v2\/posts\/10055","targetHints":{"allow":["GET"]}}],"collection":[{"href":"https:\/\/idsk.uni-halle.de\/en\/wp-json\/wp\/v2\/posts"}],"about":[{"href":"https:\/\/idsk.uni-halle.de\/en\/wp-json\/wp\/v2\/types\/post"}],"author":[{"embeddable":true,"href":"https:\/\/idsk.uni-halle.de\/en\/wp-json\/wp\/v2\/users\/3"}],"replies":[{"embeddable":true,"href":"https:\/\/idsk.uni-halle.de\/en\/wp-json\/wp\/v2\/comments?post=10055"}],"version-history":[{"count":9,"href":"https:\/\/idsk.uni-halle.de\/en\/wp-json\/wp\/v2\/posts\/10055\/revisions"}],"predecessor-version":[{"id":21233,"href":"https:\/\/idsk.uni-halle.de\/en\/wp-json\/wp\/v2\/posts\/10055\/revisions\/21233"}],"wp:featuredmedia":[{"embeddable":true,"href":"https:\/\/idsk.uni-halle.de\/en\/wp-json\/wp\/v2\/media\/21413"}],"wp:attachment":[{"href":"https:\/\/idsk.uni-halle.de\/en\/wp-json\/wp\/v2\/media?parent=10055"}],"wp:term":[{"taxonomy":"category","embeddable":true,"href":"https:\/\/idsk.uni-halle.de\/en\/wp-json\/wp\/v2\/categories?post=10055"},{"taxonomy":"post_tag","embeddable":true,"href":"https:\/\/idsk.uni-halle.de\/en\/wp-json\/wp\/v2\/tags?post=10055"}],"curies":[{"name":"wp","href":"https:\/\/api.w.org\/{rel}","templated":true}]}}